{"id":1869,"date":"2024-10-29T16:22:41","date_gmt":"2024-10-29T21:22:41","guid":{"rendered":"https:\/\/onginnovacionsocial.org\/site\/?p=1869"},"modified":"2024-11-13T23:04:09","modified_gmt":"2024-11-14T04:04:09","slug":"participacion-exitosa-de-credinnova","status":"publish","type":"post","link":"https:\/\/onginnovacionsocial.org\/site\/2024\/10\/29\/participacion-exitosa-de-credinnova\/","title":{"rendered":"Participaci\u00f3n Exitosa de CREDINNOVA"},"content":{"rendered":"\t\t<div data-elementor-type=\"wp-post\" data-elementor-id=\"1869\" class=\"elementor elementor-1869\">\n\t\t\t\t<div class=\"elementor-element elementor-element-29af922 e-flex e-con-boxed e-con e-parent\" data-id=\"29af922\" data-element_type=\"container\" data-e-type=\"container\">\n\t\t\t\t\t<div class=\"e-con-inner\">\n\t\t\t\t<div class=\"elementor-element elementor-element-1a57ca9 elementor-widget elementor-widget-text-editor\" data-id=\"1a57ca9\" data-element_type=\"widget\" data-e-type=\"widget\" data-widget_type=\"text-editor.default\">\n\t\t\t\t<div class=\"elementor-widget-container\">\n\t\t\t\t\t\t\t\t\t<h2 style=\"text-align: center;\"><span style=\"color: #000000;\">Participaci\u00f3n Exitosa de CREDINNOVA<\/span><\/h2><hr \/><p style=\"text-align: justify;\"><img fetchpriority=\"high\" decoding=\"async\" class=\"size-medium wp-image-1877 alignleft\" src=\"https:\/\/onginnovacionsocial.org\/site\/wp-content\/uploads\/2024\/10\/2-300x225.jpeg\" alt=\"\" width=\"300\" height=\"225\" srcset=\"https:\/\/onginnovacionsocial.org\/site\/wp-content\/uploads\/2024\/10\/2-300x225.jpeg 300w, https:\/\/onginnovacionsocial.org\/site\/wp-content\/uploads\/2024\/10\/2-1024x768.jpeg 1024w, https:\/\/onginnovacionsocial.org\/site\/wp-content\/uploads\/2024\/10\/2-768x576.jpeg 768w, https:\/\/onginnovacionsocial.org\/site\/wp-content\/uploads\/2024\/10\/2.jpeg 1280w\" sizes=\"(max-width: 300px) 100vw, 300px\" \/>Entre los meses de septiembre y octubre, nuestro servicio Credinnova ha participado en diferentes eventos en los que se ha dado a conocer como el servicio con la cuota m\u00e1s competitiva del mercado de microcr\u00e9dito y libre destino en Pasto.<\/p><p style=\"text-align: justify;\">El equipo de Asesores(as) Comerciales socializaron de manera personalizada la informaci\u00f3n correspondiente a nuestro servicio <span style=\"color: #008000;\"><strong>Credinnova<\/strong><\/span>, encontrando gran receptividad por parte de las y los participantes de la \u00abFeria Financiera de Econom\u00eda Popular\u00bb organizada por la Secretar\u00eda de Desarrollo Econ\u00f3mico de la Alcald\u00eda Municipal de Pasto, efectuada el 20 de septiembre de 2024 en las instalaciones del Coliseo Sergio Antonio Ruano, as\u00ed como de la \u00ab<em><strong>3a Feria Empresarial por la Paz 2024 &#8211; Celebremos lo Nuestro<\/strong><\/em>\u00bb organizada por la C\u00e1mara de Comercio de Pasto, llevada a cabo del 11 al 13 de octubre en las instalaciones del Parque Infantil, e igualmente del \u00ab2o Congreso Financiero\u00bb organizado por esta misma entidad durante el 17 y 18 de octubre en sus instalaciones.<\/p><p style=\"text-align: justify;\">La participaci\u00f3n en estos espacios son una oportunidad para que m\u00e1s personas conozcan nuestro servicio, sus caracter\u00edsticas y beneficios, con la atenci\u00f3n personalizada y profesional que nos caracteriza.<\/p><p><img decoding=\"async\" class=\"aligncenter wp-image-1886\" src=\"https:\/\/onginnovacionsocial.org\/site\/wp-content\/uploads\/2024\/10\/3-300x151.jpeg\" alt=\"\" width=\"530\" height=\"267\" srcset=\"https:\/\/onginnovacionsocial.org\/site\/wp-content\/uploads\/2024\/10\/3-300x151.jpeg 300w, https:\/\/onginnovacionsocial.org\/site\/wp-content\/uploads\/2024\/10\/3-1024x516.jpeg 1024w, https:\/\/onginnovacionsocial.org\/site\/wp-content\/uploads\/2024\/10\/3-768x387.jpeg 768w, https:\/\/onginnovacionsocial.org\/site\/wp-content\/uploads\/2024\/10\/3.jpeg 1150w\" sizes=\"(max-width: 530px) 100vw, 530px\" \/><\/p><p style=\"text-align: justify;\">\u00a0<\/p>\t\t\t\t\t\t\t\t<\/div>\n\t\t\t\t<\/div>\n\t\t\t\t\t<\/div>\n\t\t\t\t<\/div>\n\t\t\t\t<\/div>\n\t\t","protected":false},"excerpt":{"rendered":"<p>Participaci\u00f3n Exitosa de CREDINNOVA Entre los meses de septiembre y octubre, nuestro servicio Credinnova ha participado en diferentes eventos en los que se ha dado a conocer como el servicio con la cuota m\u00e1s competitiva del mercado de microcr\u00e9dito y libre destino en Pasto. El equipo de Asesores(as) Comerciales socializaron de manera personalizada la informaci\u00f3n [&hellip;]<\/p>\n","protected":false},"author":1,"featured_media":1881,"comment_status":"closed","ping_status":"open","sticky":false,"template":"","format":"standard","meta":{"_joinchat":[],"footnotes":""},"categories":[6],"tags":[9,10],"class_list":["post-1869","post","type-post","status-publish","format-standard","has-post-thumbnail","hentry","category-noticias","tag-credinnova","tag-credito"],"_links":{"self":[{"href":"https:\/\/onginnovacionsocial.org\/site\/wp-json\/wp\/v2\/posts\/1869","targetHints":{"allow":["GET"]}}],"collection":[{"href":"https:\/\/onginnovacionsocial.org\/site\/wp-json\/wp\/v2\/posts"}],"about":[{"href":"https:\/\/onginnovacionsocial.org\/site\/wp-json\/wp\/v2\/types\/post"}],"author":[{"embeddable":true,"href":"https:\/\/onginnovacionsocial.org\/site\/wp-json\/wp\/v2\/users\/1"}],"replies":[{"embeddable":true,"href":"https:\/\/onginnovacionsocial.org\/site\/wp-json\/wp\/v2\/comments?post=1869"}],"version-history":[{"count":25,"href":"https:\/\/onginnovacionsocial.org\/site\/wp-json\/wp\/v2\/posts\/1869\/revisions"}],"predecessor-version":[{"id":1983,"href":"https:\/\/onginnovacionsocial.org\/site\/wp-json\/wp\/v2\/posts\/1869\/revisions\/1983"}],"wp:featuredmedia":[{"embeddable":true,"href":"https:\/\/onginnovacionsocial.org\/site\/wp-json\/wp\/v2\/media\/1881"}],"wp:attachment":[{"href":"https:\/\/onginnovacionsocial.org\/site\/wp-json\/wp\/v2\/media?parent=1869"}],"wp:term":[{"taxonomy":"category","embeddable":true,"href":"https:\/\/onginnovacionsocial.org\/site\/wp-json\/wp\/v2\/categories?post=1869"},{"taxonomy":"post_tag","embeddable":true,"href":"https:\/\/onginnovacionsocial.org\/site\/wp-json\/wp\/v2\/tags?post=1869"}],"curies":[{"name":"wp","href":"https:\/\/api.w.org\/{rel}","templated":true}]}}