{"id":1938,"date":"2024-11-13T11:45:26","date_gmt":"2024-11-13T16:45:26","guid":{"rendered":"https:\/\/onginnovacionsocial.org\/site\/?p=1938"},"modified":"2024-11-13T23:04:54","modified_gmt":"2024-11-14T04:04:54","slug":"innovacion-social-cumple-21-aniversaior","status":"publish","type":"post","link":"https:\/\/onginnovacionsocial.org\/site\/2024\/11\/13\/innovacion-social-cumple-21-aniversaior\/","title":{"rendered":"Celebramos Nuestro Cumplea\u00f1os No 21"},"content":{"rendered":"\t\t<div data-elementor-type=\"wp-post\" data-elementor-id=\"1938\" class=\"elementor elementor-1938\">\n\t\t\t\t<div class=\"elementor-element elementor-element-dc518f0 e-flex e-con-boxed e-con e-parent\" data-id=\"dc518f0\" data-element_type=\"container\" data-e-type=\"container\">\n\t\t\t\t\t<div class=\"e-con-inner\">\n\t\t\t\t<div class=\"elementor-element elementor-element-b8c38f3 elementor-widget elementor-widget-text-editor\" data-id=\"b8c38f3\" data-element_type=\"widget\" data-e-type=\"widget\" data-widget_type=\"text-editor.default\">\n\t\t\t\t<div class=\"elementor-widget-container\">\n\t\t\t\t\t\t\t\t\t<h2 style=\"text-align: center;\"><span style=\"color: #000000;\">Celebramos Nuestro Cumplea\u00f1os No21<\/span><\/h2><hr \/><h2 style=\"text-align: center;\"><img fetchpriority=\"high\" decoding=\"async\" class=\"aligncenter wp-image-1969 size-large\" style=\"text-align: justify;\" src=\"https:\/\/onginnovacionsocial.org\/site\/wp-content\/uploads\/2024\/11\/DSC_0780_rec1-1024x404.jpg\" alt=\"\" width=\"800\" height=\"316\" srcset=\"https:\/\/onginnovacionsocial.org\/site\/wp-content\/uploads\/2024\/11\/DSC_0780_rec1-1024x404.jpg 1024w, https:\/\/onginnovacionsocial.org\/site\/wp-content\/uploads\/2024\/11\/DSC_0780_rec1-300x118.jpg 300w, https:\/\/onginnovacionsocial.org\/site\/wp-content\/uploads\/2024\/11\/DSC_0780_rec1-768x303.jpg 768w, https:\/\/onginnovacionsocial.org\/site\/wp-content\/uploads\/2024\/11\/DSC_0780_rec1-1536x606.jpg 1536w, https:\/\/onginnovacionsocial.org\/site\/wp-content\/uploads\/2024\/11\/DSC_0780_rec1.jpg 1600w\" sizes=\"(max-width: 800px) 100vw, 800px\" \/><\/h2><p style=\"text-align: justify;\">El pasado <strong>30 de septiembre de 2024<\/strong>, nuestra organizaci\u00f3n cumpli\u00f3 21 a\u00f1os de existencia y trabajo dedicado al acompa\u00f1amiento de poblaci\u00f3n en condiciones de pobreza y vulnerabilidad -raz\u00f3n de ser de nuestra Fundaci\u00f3n- en diferentes l\u00edneas de acci\u00f3n en el suroccidente colombiano.<\/p><p style=\"text-align: justify;\">Son incontables los logros, aportes y aprendizajes que durante estos a\u00f1os han fortalecido nuestra curva de experiencia, en la que profesionales de diversas \u00e1reas han contribuido al desarrollo de los programas, proyectos y servicios de nuestra Fundaci\u00f3n, con calidad, innovaci\u00f3n y profesionalismo.<\/p><p style=\"text-align: justify;\">El pasado 31 de octubre, en un peque\u00f1o evento alusivo a Halloween, celebramos nuestro cumplea\u00f1os con la asistencia de nuestras colaboradoras y colaboradores de la ciudad de Pasto, quienes participaron de din\u00e1micas, juegos y concursos, finalizando con el canto grupal de cumplea\u00f1os a nuestra querida Fundaci\u00f3n.<\/p><p style=\"text-align: justify;\"><span style=\"color: #339966;\"><strong><span style=\"color: #339966;\">Gracias a todas las personas que han confiado en nosotro<\/span>s<\/strong><\/span>, que nos han posibilitado acompa\u00f1ar sus procesos, aportar y aprender. Gracias a todas y a todos los beneficiarios, mujeres, hombres, ni\u00f1as, ni\u00f1os, adolescentes, j\u00f3venes, adultos mayores, actores institucionales, participantes de tantos valiosos proyectos a lo largo de estos a\u00f1os, con quienes hemos contribuido al desarrollo de sus comunidades y regiones, es nuestro deseo y compromiso seguir aportando a un mejor vivir y bienestar de todas y todos.<\/p>\t\t\t\t\t\t\t\t<\/div>\n\t\t\t\t<\/div>\n\t\t\t\t<div class=\"elementor-element elementor-element-310379e elementor-arrows-position-inside elementor-pagination-position-outside elementor-widget elementor-widget-image-carousel\" data-id=\"310379e\" data-element_type=\"widget\" data-e-type=\"widget\" data-settings=\"{&quot;navigation&quot;:&quot;both&quot;,&quot;autoplay&quot;:&quot;yes&quot;,&quot;pause_on_hover&quot;:&quot;yes&quot;,&quot;pause_on_interaction&quot;:&quot;yes&quot;,&quot;autoplay_speed&quot;:5000,&quot;infinite&quot;:&quot;yes&quot;,&quot;speed&quot;:500}\" data-widget_type=\"image-carousel.default\">\n\t\t\t\t<div class=\"elementor-widget-container\">\n\t\t\t\t\t\t\t<div class=\"elementor-image-carousel-wrapper swiper\" role=\"region\" aria-roledescription=\"carousel\" aria-label=\"Carrusel de im\u00e1genes\" dir=\"ltr\">\n\t\t\t<div class=\"elementor-image-carousel swiper-wrapper\" aria-live=\"off\">\n\t\t\t\t\t\t\t\t<div class=\"swiper-slide\" role=\"group\" aria-roledescription=\"slide\" aria-label=\"1 de 5\"><figure class=\"swiper-slide-inner\"><img decoding=\"async\" class=\"swiper-slide-image\" src=\"https:\/\/onginnovacionsocial.org\/site\/wp-content\/uploads\/2024\/11\/DSC_0661-300x200.jpg\" alt=\"DSC_0661\" \/><\/figure><\/div><div class=\"swiper-slide\" role=\"group\" aria-roledescription=\"slide\" aria-label=\"2 de 5\"><figure class=\"swiper-slide-inner\"><img decoding=\"async\" class=\"swiper-slide-image\" src=\"https:\/\/onginnovacionsocial.org\/site\/wp-content\/uploads\/2024\/11\/DSC_0676-300x200.jpg\" alt=\"DSC_0676\" \/><\/figure><\/div><div class=\"swiper-slide\" role=\"group\" aria-roledescription=\"slide\" aria-label=\"3 de 5\"><figure class=\"swiper-slide-inner\"><img decoding=\"async\" class=\"swiper-slide-image\" src=\"https:\/\/onginnovacionsocial.org\/site\/wp-content\/uploads\/2024\/11\/DSC_0694-300x200.jpg\" alt=\"DSC_0694\" \/><\/figure><\/div><div class=\"swiper-slide\" role=\"group\" aria-roledescription=\"slide\" aria-label=\"4 de 5\"><figure class=\"swiper-slide-inner\"><img decoding=\"async\" class=\"swiper-slide-image\" src=\"https:\/\/onginnovacionsocial.org\/site\/wp-content\/uploads\/2024\/11\/DSC_0762-300x200.jpg\" alt=\"DSC_0762\" \/><\/figure><\/div><div class=\"swiper-slide\" role=\"group\" aria-roledescription=\"slide\" aria-label=\"5 de 5\"><figure class=\"swiper-slide-inner\"><img decoding=\"async\" class=\"swiper-slide-image\" src=\"https:\/\/onginnovacionsocial.org\/site\/wp-content\/uploads\/2024\/11\/DSC_0765-300x200.jpg\" alt=\"DSC_0765\" \/><\/figure><\/div>\t\t\t<\/div>\n\t\t\t\t\t\t\t\t\t\t\t\t<div class=\"elementor-swiper-button elementor-swiper-button-prev\" role=\"button\" tabindex=\"0\">\n\t\t\t\t\t\t<svg aria-hidden=\"true\" class=\"e-font-icon-svg e-eicon-chevron-left\" viewBox=\"0 0 1000 1000\" xmlns=\"http:\/\/www.w3.org\/2000\/svg\"><path d=\"M646 125C629 125 613 133 604 142L308 442C296 454 292 471 292 487 292 504 296 521 308 533L604 854C617 867 629 875 646 875 663 875 679 871 692 858 704 846 713 829 713 812 713 796 708 779 692 767L438 487 692 225C700 217 708 204 708 187 708 171 704 154 692 142 675 129 663 125 646 125Z\"><\/path><\/svg>\t\t\t\t\t<\/div>\n\t\t\t\t\t<div class=\"elementor-swiper-button elementor-swiper-button-next\" role=\"button\" tabindex=\"0\">\n\t\t\t\t\t\t<svg aria-hidden=\"true\" class=\"e-font-icon-svg e-eicon-chevron-right\" viewBox=\"0 0 1000 1000\" xmlns=\"http:\/\/www.w3.org\/2000\/svg\"><path d=\"M696 533C708 521 713 504 713 487 713 471 708 454 696 446L400 146C388 133 375 125 354 125 338 125 325 129 313 142 300 154 292 171 292 187 292 204 296 221 308 233L563 492 304 771C292 783 288 800 288 817 288 833 296 850 308 863 321 871 338 875 354 875 371 875 388 867 400 854L696 533Z\"><\/path><\/svg>\t\t\t\t\t<\/div>\n\t\t\t\t\n\t\t\t\t\t\t\t\t\t<div class=\"swiper-pagination\"><\/div>\n\t\t\t\t\t\t\t\t\t<\/div>\n\t\t\t\t\t\t<\/div>\n\t\t\t\t<\/div>\n\t\t\t\t\t<\/div>\n\t\t\t\t<\/div>\n\t\t\t\t<\/div>\n\t\t","protected":false},"excerpt":{"rendered":"<p>Celebramos Nuestro Cumplea\u00f1os No21 El pasado 30 de septiembre de 2024, nuestra organizaci\u00f3n cumpli\u00f3 21 a\u00f1os de existencia y trabajo dedicado al acompa\u00f1amiento de poblaci\u00f3n en condiciones de pobreza y vulnerabilidad -raz\u00f3n de ser de nuestra Fundaci\u00f3n- en diferentes l\u00edneas de acci\u00f3n en el suroccidente colombiano. Son incontables los logros, aportes y aprendizajes que durante [&hellip;]<\/p>\n","protected":false},"author":1,"featured_media":1976,"comment_status":"closed","ping_status":"closed","sticky":false,"template":"","format":"standard","meta":{"_joinchat":[],"footnotes":""},"categories":[6],"tags":[12,11],"class_list":["post-1938","post","type-post","status-publish","format-standard","has-post-thumbnail","hentry","category-noticias","tag-aniversario","tag-compromiso"],"_links":{"self":[{"href":"https:\/\/onginnovacionsocial.org\/site\/wp-json\/wp\/v2\/posts\/1938","targetHints":{"allow":["GET"]}}],"collection":[{"href":"https:\/\/onginnovacionsocial.org\/site\/wp-json\/wp\/v2\/posts"}],"about":[{"href":"https:\/\/onginnovacionsocial.org\/site\/wp-json\/wp\/v2\/types\/post"}],"author":[{"embeddable":true,"href":"https:\/\/onginnovacionsocial.org\/site\/wp-json\/wp\/v2\/users\/1"}],"replies":[{"embeddable":true,"href":"https:\/\/onginnovacionsocial.org\/site\/wp-json\/wp\/v2\/comments?post=1938"}],"version-history":[{"count":32,"href":"https:\/\/onginnovacionsocial.org\/site\/wp-json\/wp\/v2\/posts\/1938\/revisions"}],"predecessor-version":[{"id":1986,"href":"https:\/\/onginnovacionsocial.org\/site\/wp-json\/wp\/v2\/posts\/1938\/revisions\/1986"}],"wp:featuredmedia":[{"embeddable":true,"href":"https:\/\/onginnovacionsocial.org\/site\/wp-json\/wp\/v2\/media\/1976"}],"wp:attachment":[{"href":"https:\/\/onginnovacionsocial.org\/site\/wp-json\/wp\/v2\/media?parent=1938"}],"wp:term":[{"taxonomy":"category","embeddable":true,"href":"https:\/\/onginnovacionsocial.org\/site\/wp-json\/wp\/v2\/categories?post=1938"},{"taxonomy":"post_tag","embeddable":true,"href":"https:\/\/onginnovacionsocial.org\/site\/wp-json\/wp\/v2\/tags?post=1938"}],"curies":[{"name":"wp","href":"https:\/\/api.w.org\/{rel}","templated":true}]}}